{"id":11459,"date":"2024-05-30T23:16:31","date_gmt":"2024-05-31T03:16:31","guid":{"rendered":"https:\/\/haiti-observateur.ca\/?p=11459"},"modified":"2024-05-30T23:16:31","modified_gmt":"2024-05-31T03:16:31","slug":"14-ans-apres-aujourdhui-usa-pourquoi-nous-navons-pris-position-ou-proceder-via-hn-la-sgph","status":"publish","type":"post","link":"https:\/\/haiti-observateur.ca\/?p=11459","title":{"rendered":"14 ans apr\u00e8s\u00a0: Aujourd\u2019hui USA pourquoi Nous n\u2019avons Pris Position Ou proc\u00e9der via HN la SGPH"},"content":{"rendered":"<p><span style=\"color: #000000;\"><strong>DIPLOMATIE INTERNATIONALE &amp; SOCI\u00c9T\u00c9 <em>Par Dan Albertini<\/em><\/strong><\/span><\/p>\n<ul>\n<li><span style=\"color: #000000;\"><strong>14 ans apr\u00e8s\u00a0: <a style=\"color: #000000;\" href=\"https:\/\/reseauhem.ca\/2010\/12\/09\/aujourdhui-usa-pourquoi-nous-navons-pris-position\/\">Aujourd\u2019hui USA pourquoi Nous n\u2019avons Pris Position<\/a><\/strong><\/span><\/li>\n<li><span style=\"color: #000000;\"><strong><em>Ou proc\u00e9der via <a style=\"color: #000000;\" href=\"https:\/\/reseauhem.ca\/2011\/01\/20\/haiti-nouvelle-ou-la-serie-des-rands-proces-de-lhistoire\/\">HN la<\/a> <a style=\"color: #000000;\" href=\"https:\/\/reseauhem.ca\/2011\/01\/20\/haiti-nouvelle-ou-la-serie-des-rands-proces-de-lhistoire\/\">SGPH<\/a> en relecture de <a style=\"color: #000000;\" href=\"https:\/\/archives.ungeneva.org\/haiti-and-the-united-states-of-america-communicated-by-mr-gilchrist-the-seizure-of-haiti-by-the-united-states-a-report-on-the-military-occupation-of-the-republic-of-haiti-and-the-history-of-the-treaty-forced-upon-her\">The Seizure of Haiti by the United States<\/a><\/em><\/strong><\/span><\/li>\n<li><span style=\"color: #000000;\"><em>Entre (). La Chine reprendra Taiwan, avec ou sans proc\u00e8s, c&rsquo;est son territoire. D&rsquo;ailleurs, le citoyen d&rsquo;Hawa\u00ef (et environs) est forc\u00e9 d&rsquo;un formulaire de passeport am\u00e9ricain avec la notion l\u00e9gale &lsquo;on protest&rsquo;, fermons-les ().<\/em><strong>\u00a0<\/strong><\/span><\/li>\n<\/ul>\n<p><span style=\"color: #000000;\"><strong>F<\/strong>aut-il faire cl\u00f4turer le pacte des <strong><a style=\"color: #000000;\" href=\"https:\/\/www.un.org\/fr\/\">UN<\/a><\/strong> comme celui de la d\u00e9funte <strong><a style=\"color: #000000;\" href=\"https:\/\/archives.ungeneva.org\/7mhf-sfer-6d9d\">SDN<\/a><\/strong>\u00a0? Car, si accuser l\u00e9galement Benyamin Netanyahu pour crime commis en Isra\u00ebl d\u2019abord, ensuite de viols de la convention intimant la <strong><a style=\"color: #000000;\" href=\"https:\/\/archives.ungeneva.org\/court-of-international-justice\">CIJ<\/a><\/strong> [par l\u2019Afrique du Sud], et de crimes de guerre [et] contre l\u2019humanit\u00e9, exerc\u00e9s contre les civils palestiniens [dont, enfants et femmes], pour aller au <strong><a style=\"color: #000000;\" href=\"https:\/\/www.icty.org\/fr\">TPI<\/a><\/strong>, si cela est antis\u00e9mite, alors accuser, vouloir condamner Donald Trump pour crimes all\u00e9gu\u00e9s aux <strong>\u00c9.-U<\/strong>., est-ce l\u00e0 antiam\u00e9ricain pour tout gouvernement DNC menteur aussi\u00a0?<\/span><\/p>\n<ul>\n<li><span style=\"color: #000000;\">Je rappelle que c\u2019est DJ. Trump, pr\u00e9sident qui a corrobor\u00e9 J\u00e9rusalem, capitale&#8230;, <em>\u00e0 2024.<\/em><\/span><\/li>\n<li><span style=\"color: #000000;\">Je redis aussi le <a style=\"color: #000000;\" href=\"https:\/\/haiti-observateur.ca\/?p=11091\">curriculum du 17<sup>e<\/sup> Ap\u00f4tre\u00a0:<\/a> <em><a style=\"color: #000000;\" href=\"https:\/\/haiti-observateur.ca\/?p=11091\">negare mendax<\/a><\/em> (d\u00e9mentir le menteur).<\/span><\/li>\n<li><span style=\"color: #000000;\"><em>Si les Nations sont souveraines, si les Nations sont consentantes, si les Nations ont cr\u00e9\u00e9 l\u2019Organisation des Nations Unies, si tel que le dit Thomas Jefferson dans la D\u00e9claration d\u2019ind\u00e9pendance des \u00c9.-U. [&#8230;], dissoudre l\u2019Organisation s\u00e9gr\u00e9gationniste est pertinent.<\/em><\/span><\/li>\n<\/ul>\n<p><span style=\"color: #000000;\"><strong><em>Forger un autre chapeau consensuel est donc un imp\u00e9ratif. Pourquoi\u00a0?<\/em><\/strong><\/span><\/p>\n<p><span style=\"color: #000000;\"><strong>D<\/strong>\u2019abord, la position de <em>raison d\u2019\u00c9tat<\/em> de l\u2019Allemagne la concerne dans son atrocit\u00e9 nazie maladive de deux guerres en faisant ses victimes contre ses concitoyens d\u2019une origine, dans un contexte de x\u00e9nophobie et de racisme orient\u00e9 contre une certaine population, telle que d\u00e9crite dans le Code noir depuis la France colonialiste, y compris contre les Noirs. Personne n\u2019est responsable de ses d\u00e9riv\u00e9s maladifs sur ses victimes, afin d\u2019en porter le chapeau. L\u2019Am\u00e9rique a-t-elle h\u00e9berg\u00e9 moult d\u2019entre eux pour ses besoins tandis qu\u2019elle a v\u00e9cu la s\u00e9gr\u00e9gation forg\u00e9e pour son racisme contre les Noirs et les Juifs aussi.<\/span><\/p>\n<p><span style=\"color: #000000;\">Et de ce fait, l\u2019Am\u00e9rique a \u00e9t\u00e9 encore plus loin sinon \u00e9galement raciste en larguant deux bombes atomiques [<em>dont on accuse la Russie d\u2019intention de le faire&#8230;<\/em>] sur Nagasaki et sur Hiroshima et non ailleurs sur l\u2019Allemagne. Ou, comment expliquer ce choix d\u00e9lib\u00e9r\u00e9 quand on simule le Japon comme alli\u00e9 aujourd\u2019hui. L\u2019amn\u00e9sie est s\u00e9lective ou, la veut-on transmissible et \u00e9pid\u00e9mique\u00a0et \u00e9pidermique chez les non concern\u00e9s ?<\/span><\/p>\n<p><span style=\"color: #000000;\">Si c\u2019est un autre \u00c9tat qui branle la notion du nucl\u00e9aire dans le contexte du conflit v\u00e9cu, c\u2019est un \u00c9tat belliqueux, selon la France. Si c\u2019est Paris qui le dit par ses journalistes, par ses conseillers propagandistes, par son pr\u00e9sident, c\u2019est une puissance raisonnable et digne. Si alors le Canada ne tient pas les r\u00eanes de ses aveux pour exiger de la France la r\u00e9paration sur la notion de si\u00e8cles d\u2019esclavage forc\u00e9 par rapts de populations \u00e9trang\u00e8res pour b\u00e2tir son patrimoine revitalis\u00e9 en gloire du pass\u00e9, c\u2019est que le Premier ministre du Canada se sait digne de reproches dissimul\u00e9s contre les Premi\u00e8res Nations. Il faut alors \u00e9vacuer la France de la Nouvelle-Cal\u00e9donie et ailleurs comme Saint-Pierre-et-Miquelon.<\/span><\/p>\n<p><span style=\"color: #000000;\">Si l\u2019on se r\u00e9f\u00e8re aux propos du colonel Malenfant dans son ouvrage post-ind\u00e9pendance ha\u00eftienne avec les intentions des anciens colons sugg\u00e9rant \u2018l\u2019extermination de tous les mul\u00e2tres et des Noirs, pour reprendre Saint-Domingue\u2019. Si l\u2019on compare les intrigues de ses sujets au Qu\u00e9bec, rappelons encore que la candidate du PQ qui s\u2019est fait \u00e9lire tandis qu\u2019elle n\u2019\u00e9tait pas citoyenne canadien quand elle votait avant, \u00e9tait l\u2019acte de provocation. Alors, le march\u00e9 comme la bourse de l\u2019audace est fertile en tra\u00eetrise et trahison, comme \u00e0 travers le discours de la Conf\u00e9rence des ambassadeurs en ao\u00fbt 2019, d\u2019Emmanuel Macron, pr\u00e9sident. Descendre vertement les Am\u00e9ricains \u00e0 ce titre, \u00e9tait-ce pour rena\u00eetre la revanche sur la Louisiane\u00a0? Belliqueux p\u00e9tainiste d\u2019action, <strong>DC<\/strong> l&rsquo;a factur\u00e9 tr\u00e8s fort\u00a0!<\/span><\/p>\n<blockquote><p><span style=\"color: #000000;\">C\u2019est le bilan ainsi fait de l\u2019ONU en faillite, o\u00f9 l\u2019on doive se ressaisir pour garder sa souverainet\u00e9 dans un monde de crimes de Netanyahu en proc\u00e8s chez lui.<\/span><\/p><\/blockquote>\n<p><span style=\"color: #000000;\"><em>La France doit payer pour le crime des ann\u00e9es, des d\u00e9cennies, les centenaires de crimes de l\u2019esclavage colonial, et d\u00e9shumanisant appliqu\u00e9 sur les Noirs arrach\u00e9s, viol\u00e9s, d\u00e9port\u00e9s, \u00e9limin\u00e9s d\u2019Afrique. Pour se b\u00e2tir un patrimoine aujourd\u2019hui, expos\u00e9 en amiti\u00e9 r\u00e9vulsive comme prime de consolation. Souvenez-vous de ce pour quoi Jeffrey Epstein est\u00a0 en partie accus\u00e9 sur de jeunes filles, au point de se retrouver en prison pour crimes, entra\u00eenant la r\u00e9putation de participants \u00e0 ces trafics. Pire, mourir avant de payer son d\u00fb. Si le Canada est un alli\u00e9 d\u2019Ha\u00efti, de la justice, et d\u2019un principe, il faut le voir.<\/em><em>\u00a0<\/em><\/span><\/p>\n<p><span style=\"color: #000000;\">Le premier acte de civilit\u00e9 imp\u00e9rative qui appartient aux Ha\u00eftiens d\u2019origine tant au Canada, et sp\u00e9cifiquement aux \u00c9tats-Unis, c\u2019est d\u2019une part enqu\u00eater sur les relations de Clinton en Ha\u00efti, par rapport \u00e0 la notion de d\u00e9lit d\u2019initi\u00e9 afin de savoir et d\u00e9finir comment sont les actions de Clinton et compagnie, en Ha\u00efti, par la loi am\u00e9ricaine. N\u2019est-ce pas, ce qu\u2019on a fait subir \u00e0 Trump jusqu\u2019\u00e0 aujourd\u2019hui\u00a0? C\u2019est citoyen et diplomatique.<\/span><\/p>\n<p><span style=\"color: #000000;\">Ensuite, quand il s\u2019agit de voter, de choisir ses repr\u00e9sentants, de militer en faveur ou contre, il faut rendre Joseph Biden imputable de ses d\u00e9cisions n\u00e9gatives sur Ha\u00efti, dans la dimension de ses d\u00e9clarations en entrevue, sur l\u2019int\u00e9r\u00eat de la notion ha\u00eftienne, cit\u00e9 par <a style=\"color: #000000;\" href=\"https:\/\/www.politifact.com\/factchecks\/2021\/sep\/24\/instagram-posts\/video-clips-take-bidens-1994-if-haiti-just-quietly\/\">Politifact.com<\/a>. L\u2019action citoyenne est une bourse l\u00e9gale aussi.<\/span><\/p>\n<p><span style=\"color: #000000;\"><em>C\u2019est un aspect de la notion de la S\u00e9rie des Grands Proc\u00e8s de l\u2019Histoire.<\/em><\/span><\/p>\n<p style=\"text-align: left;\"><span style=\"color: #000000;\"><strong>cet article est publi\u00e9 par l\u2019hebdomadaire Ha\u00efti-Observateur, VOL. LIIII, No&#8230; \u00c9dition sp\u00e9ciale Canada du 28 mai 2024, et se trouve en P.. \u00e0<\/strong> \u00a0: h-o 28 mai 2024<\/span><\/p>\n\n\t\t<style type=\"text\/css\">\n\t\t\t#gallery-1 {\n\t\t\t\tmargin: auto;\n\t\t\t}\n\t\t\t#gallery-1 .gallery-item {\n\t\t\t\tfloat: left;\n\t\t\t\tmargin-top: 10px;\n\t\t\t\ttext-align: center;\n\t\t\t\twidth: 50%;\n\t\t\t}\n\t\t\t#gallery-1 img {\n\t\t\t\tborder: 2px solid #cfcfcf;\n\t\t\t}\n\t\t\t#gallery-1 .gallery-caption {\n\t\t\t\tmargin-left: 0;\n\t\t\t}\n\t\t\t\/* see gallery_shortcode() in wp-includes\/media.php *\/\n\t\t<\/style>\n\t\t<div id='gallery-1' class='gallery galleryid-11459 gallery-columns-2 gallery-size-large'><dl class='gallery-item'>\n\t\t\t<dt class='gallery-icon landscape'>\n\t\t\t\t<a href='https:\/\/haiti-observateur.ca\/?attachment_id=11447'><img loading=\"lazy\" decoding=\"async\" width=\"378\" height=\"207\" src=\"https:\/\/haiti-observateur.ca\/wp-content\/uploads\/2024\/05\/ho22mai2024-presidentkenya.jpg\" class=\"attachment-large size-large\" alt=\"\" srcset=\"https:\/\/haiti-observateur.ca\/wp-content\/uploads\/2024\/05\/ho22mai2024-presidentkenya.jpg 378w, https:\/\/haiti-observateur.ca\/wp-content\/uploads\/2024\/05\/ho22mai2024-presidentkenya-300x164.jpg 300w\" sizes=\"auto, (max-width: 378px) 100vw, 378px\" \/><\/a>\n\t\t\t<\/dt><\/dl><dl class='gallery-item'>\n\t\t\t<dt class='gallery-icon landscape'>\n\t\t\t\t<a href='https:\/\/haiti-observateur.ca\/?attachment_id=11433'><img loading=\"lazy\" decoding=\"async\" width=\"900\" height=\"559\" src=\"https:\/\/haiti-observateur.ca\/wp-content\/uploads\/2024\/05\/ho15mai2024amihaititrompent.jpg\" class=\"attachment-large size-large\" alt=\"\" aria-describedby=\"gallery-1-11433\" srcset=\"https:\/\/haiti-observateur.ca\/wp-content\/uploads\/2024\/05\/ho15mai2024amihaititrompent.jpg 900w, https:\/\/haiti-observateur.ca\/wp-content\/uploads\/2024\/05\/ho15mai2024amihaititrompent-300x186.jpg 300w, https:\/\/haiti-observateur.ca\/wp-content\/uploads\/2024\/05\/ho15mai2024amihaititrompent-768x477.jpg 768w\" sizes=\"auto, (max-width: 900px) 100vw, 900px\" \/><\/a>\n\t\t\t<\/dt>\n\t\t\t\t<dd class='wp-caption-text gallery-caption' id='gallery-1-11433'>\n\t\t\t\tillustration\n\t\t\t\t<\/dd><\/dl><br style=\"clear: both\" \/>\n\t\t<\/div>\n\n<p style=\"text-align: center;\"><span style=\"color: #000000;\"><a style=\"color: #000000;\" href=\"https:\/\/borrow.bklynlibrary.org\/iii\/encore\/record\/C__Rb11140309__Shaiti-observateur__Orightresult__X6;jsessionid=E6C3A1CDFDAB23856076ED5DC17C954D?lang=eng&amp;suite=def\"><strong>Ha\u00efti-Observateur<\/strong><\/a>\u00a0\/\u00a0<a style=\"color: #000000;\" href=\"http:\/\/tm9qt7lg9g.search.serialssolutions.com\/ejp\/?libHash=TM9QT7LG9G#\/search\/?searchControl=title&amp;searchType=title_code&amp;criteria=HA23OBS&amp;language=en-US&amp;titleType=ALL\"><strong>ISSN: 1043-3783<\/strong><\/a><\/span><\/p>\n","protected":false},"excerpt":{"rendered":"<p>DIPLOMATIE INTERNATIONALE &amp; SOCI\u00c9T\u00c9 Par Dan Albertini 14 ans apr\u00e8s\u00a0: Aujourd\u2019hui USA pourquoi Nous n\u2019avons Pris Position Ou proc\u00e9der via HN la SGPH en relecture de The Seizure of Haiti by the United States Entre (). La Chine reprendra Taiwan,&#8230; <\/p>\n","protected":false},"author":2,"featured_media":11303,"comment_status":"closed","ping_status":"closed","sticky":false,"template":"","format":"standard","meta":{"footnotes":""},"categories":[3,56,21,25,53],"tags":[5013,838,5011,5012,2375,2892,2924,4747],"class_list":["post-11459","post","type-post","status-publish","format-standard","has-post-thumbnail","hentry","category-amerik","category-diplomatieinternationale","category-europe","category-haiti","category-usa","tag-cij","tag-dan-albertini","tag-frederick-bausman","tag-mendax","tag-onu","tag-sdn","tag-sgph","tag-tpi"],"_links":{"self":[{"href":"https:\/\/haiti-observateur.ca\/index.php?rest_route=\/wp\/v2\/posts\/11459","targetHints":{"allow":["GET"]}}],"collection":[{"href":"https:\/\/haiti-observateur.ca\/index.php?rest_route=\/wp\/v2\/posts"}],"about":[{"href":"https:\/\/haiti-observateur.ca\/index.php?rest_route=\/wp\/v2\/types\/post"}],"author":[{"embeddable":true,"href":"https:\/\/haiti-observateur.ca\/index.php?rest_route=\/wp\/v2\/users\/2"}],"replies":[{"embeddable":true,"href":"https:\/\/haiti-observateur.ca\/index.php?rest_route=%2Fwp%2Fv2%2Fcomments&post=11459"}],"version-history":[{"count":1,"href":"https:\/\/haiti-observateur.ca\/index.php?rest_route=\/wp\/v2\/posts\/11459\/revisions"}],"predecessor-version":[{"id":11460,"href":"https:\/\/haiti-observateur.ca\/index.php?rest_route=\/wp\/v2\/posts\/11459\/revisions\/11460"}],"wp:featuredmedia":[{"embeddable":true,"href":"https:\/\/haiti-observateur.ca\/index.php?rest_route=\/wp\/v2\/media\/11303"}],"wp:attachment":[{"href":"https:\/\/haiti-observateur.ca\/index.php?rest_route=%2Fwp%2Fv2%2Fmedia&parent=11459"}],"wp:term":[{"taxonomy":"category","embeddable":true,"href":"https:\/\/haiti-observateur.ca\/index.php?rest_route=%2Fwp%2Fv2%2Fcategories&post=11459"},{"taxonomy":"post_tag","embeddable":true,"href":"https:\/\/haiti-observateur.ca\/index.php?rest_route=%2Fwp%2Fv2%2Ftags&post=11459"}],"curies":[{"name":"wp","href":"https:\/\/api.w.org\/{rel}","templated":true}]}}