{"id":3411,"date":"2019-02-20T20:20:06","date_gmt":"2019-02-21T01:20:06","guid":{"rendered":"http:\/\/haiti-observateur.ca\/?p=3411"},"modified":"2019-02-20T20:20:06","modified_gmt":"2019-02-21T01:20:06","slug":"arrestation-de-8-hommes-lourdement-armes-le-pouvoir-est-triplement-coupable","status":"publish","type":"post","link":"https:\/\/haiti-observateur.ca\/?p=3411","title":{"rendered":"Arrestation de 8 Hommes Lourdement Arm\u00e9s : Le Pouvoir est Triplement Coupable"},"content":{"rendered":"<p style=\"text-align: left;\"><span style=\"color: #000000;\"><strong>Arrestation de 8 Hommes Lourdement Arm\u00e9s : <em>Le Pouvoir est Triplement Coupable<\/em><\/strong><em> par Mario Andr\u00e9sol<\/em><\/span><\/p>\n<p style=\"text-align: left;\"><span style=\"color: #000000;\">Avec l\u2019arrestation, dimanche soir, dans des circonstances non encore \u00e9lucid\u00e9es, de sept \u00e9trangers et d\u2019un ha\u00eftien lourdement arm\u00e9 \u00e0 bord de v\u00e9hicules non immatricul\u00e9s, la th\u00e8se de la pr\u00e9sence de mercenaires, lors des manifs du 18 novembre 2018 semble, de plus en plus se confirmer.<\/span><\/p>\n<p style=\"text-align: left;\"><span style=\"color: #000000;\">En effet, les infos qui circulaient, quelques jours avant cette date, laissaient entendre que le DG d\u2019un important minist\u00e8re s\u2019\u00e9tait, lui-m\u00eame, rendu \u00e0 l\u2019a\u00e9roport pour accueillir des \u00e9trangers qu\u2019on croyait \u00eatre des journalistes. Le jour de ces manifs, on se rappelle que des \u00e9l\u00e9ments au teint clair ont \u00e9t\u00e9 aper\u00e7us encagoul\u00e9s certains en treillis, d\u2019autres en jeans, ou en tenue de \u00ab sniper\u00bb, en compagnie d\u2019\u00e9l\u00e9ments portant l\u2019uniforme des unit\u00e9s du Palais national.<\/span><\/p>\n<p style=\"text-align: left;\"><span style=\"color: #000000;\">D\u00e9j\u00e0, les scribes du pouvoir cherchent \u00e0 noyer le poisson. Et, \u00e7a ne fait qu\u2019augmenter les suspicions. Pour eux, il est normal que des \u00e9trangers se baladent dans le pays lourdement arm\u00e9, sous pr\u00e9texte qu\u2019ils travaillent pour une institution \u00e9tatique. Mais, quelles que soient les raisons qu\u2019ils \u00e9voqueront, pour justifier leur pr\u00e9sence sur notre territoire, ils susciteront, non seulement des questionnements, mais mettront \u00e0 nue l\u2019amateurisme, voire le cr\u00e9tinisme de nos politicards.<\/span><\/p>\n<p style=\"text-align: left;\"><span style=\"color: #000000;\">Un pouvoir, qui donne acc\u00e8s, clandestinement, \u00e0 son territoire \u00e0 des hommes en possession d\u2019armes de guerre, est coupable de trafic ill\u00e9gal d\u2019armes de guerre. Ce pouvoir peut \u00eatre doublement coupable, si ces armes de guerre sont trafiqu\u00e9es. Et triplement coupable, s\u2019il y a embargo sur les armes contre son pays.<\/span><\/p>\n<p style=\"text-align: left;\"><span style=\"color: #000000;\">Dans le cas qui nous concerne, au moment de leur arrestation, les \u00e9trangers avaient en leur possession des armes de guerre tr\u00e8s sophistiqu\u00e9es et parmi elles, \u00e0 bien regarder, il y a de fortes chances pour que l\u2019une des armes longues, la premi\u00e8re \u00e0 droite, sur la premi\u00e8re photo, soit munie d\u2019un dispositif \u00ab silencieux \u00bb, si ce n\u2019est une d\u00e9coration. Une autre est, apparemment, munie d\u2019un t\u00e9lescope. N\u2019est-ce pas le cas de dire qu\u2019ils \u00e9taient l\u00e0 \u00e0 toutes fins utiles, ces \u00e9trangers ?<\/span><\/p>\n<p style=\"text-align: left;\"><span style=\"color: #000000;\">Si cela s\u2019av\u00e9rait, on est en droit de se demander qui voulait-on, silencieusement, \u00e9liminer ? Un ou des comp\u00e9titeurs, un ou des opposants politiques? Un des citoyens ou nos petits chefs de gang ? \u00c0 moins que ce ne soit pour \u00e9liminer des pilleurs ou des casseurs \u00e0 la petite semaine. Voil\u00e0 le danger qui semble planer sur la t\u00eate de chaque citoyen, en ces moments de turbulence politique. Depuis quand ces \u00e9trangers sont-ils en Ha\u00efti ?<\/span><\/p>\n<ul>\n<li style=\"text-align: left;\"><span style=\"color: #000000;\">Ont-ils un sceau d\u2019entr\u00e9e de l\u2019immigration sur leurs passeports ?<\/span><\/li>\n<li style=\"text-align: left;\"><span style=\"color: #000000;\">Si, non, par o\u00f9 sont-ils pass\u00e9s ?<\/span><\/li>\n<li style=\"text-align: left;\"><span style=\"color: #000000;\">Quelles sont les raisons de leur pr\u00e9sence dans le pays ?<\/span><\/li>\n<li style=\"text-align: left;\"><span style=\"color: #000000;\">Pour qui travaillent-ils ?<\/span><\/li>\n<li style=\"text-align: left;\"><span style=\"color: #000000;\">Pourquoi les avait-on embauch\u00e9s dans la clandestinit\u00e9 ?<\/span><\/li>\n<li style=\"text-align: left;\"><span style=\"color: #000000;\">Pourquoi la police n\u2019en a pas \u00e9t\u00e9 avis\u00e9e ?<\/span><\/li>\n<li style=\"text-align: left;\"><span style=\"color: #000000;\">Comment ont-ils fait pour entrer avec ces armes sur le territoire ?<\/span><\/li>\n<\/ul>\n<p style=\"text-align: left;\"><span style=\"color: #000000;\">Dans l\u2019hypoth\u00e8se qu\u2019ils travaillent pour une institution de l\u2019\u00c9tat, pourquoi ne d\u00e9tiennent-ils aucune pi\u00e8ce d\u2019identification pouvant l\u2019attester ?<\/span><\/p>\n<ul>\n<li style=\"text-align: left;\"><span style=\"color: #000000;\">S\u2019ils sont des contractuels o\u00f9 sont les contrats ?<\/span><\/li>\n<\/ul>\n<p style=\"text-align: left;\"><span style=\"color: #000000;\">N\u2019\u00e9tait-ce leur arrestation, dimanche soir, ces \u00e9trangers seraient encore, incognito, dans le pays.<\/span><\/p>\n<ul>\n<li style=\"text-align: left;\"><span style=\"color: #000000;\">Quid des plaques d\u2019immatriculation ?<\/span><\/li>\n<li style=\"text-align: left;\"><span style=\"color: #000000;\">Pourquoi les plaques d\u2019immatriculation ont-elles \u00e9t\u00e9 retrouv\u00e9es \u00e0 l\u2019int\u00e9rieur des v\u00e9hicules plut\u00f4t que d\u2019\u00eatre expos\u00e9es ostensiblement comme le veut la loi ?<\/span><\/li>\n<li style=\"text-align: left;\"><span style=\"color: #000000;\">\u00c0 quelles institutions appartiennent les v\u00e9hicules \u00e0 bord desquels circulaient ces \u00e9trangers ?<\/span><\/li>\n<\/ul>\n<p style=\"text-align: left;\"><span style=\"color: #000000;\">Sachant que des plaques d\u2019immatriculation IT et DM ont \u00e9t\u00e9 retrouv\u00e9es \u00e0 l\u2019int\u00e9rieur de leurs v\u00e9hicules, les concessionnaires ou les agents vendeurs de v\u00e9hicules sont-ils toujours les seuls autoris\u00e9s \u00e0 recevoir les plaques \u00ab D\u00e9monstration \u00bb (DM) apr\u00e8s les formalit\u00e9s d\u2019usage ?<\/span><\/p>\n<p style=\"text-align: left;\"><span style=\"color: #000000;\">Les v\u00e9hicules immatricul\u00e9s IT circulant sur la voie publique appartiennent-ils tous \u00e0 des organisations l\u00e9galement enregistr\u00e9es et d\u00fbment identifi\u00e9es. \u00c0 quelles institutions autres que celles d\u00e9termin\u00e9es par la Loi du 26 mai 2006 distribue-t-on les plaques DM et IT ?<\/span><\/p>\n<p style=\"text-align: left;\"><span style=\"color: #000000;\">Pas besoin d\u2019\u00eatre grand clerc pour remonter aux commanditaires dans un tel dossier. L\u2019attirail de ces \u00e9trangers en dit long, et il est enfantin de faire croire qu\u2019ils \u00e9taient seulement l\u00e0 pour travailler pour une institution \u00e9tatique.<\/span><\/p>\n<p style=\"text-align: left;\"><span style=\"color: #000000;\">Nonobstant les pressions dont elle peut faire l\u2019objet, la Police doit faire son travail \u00e0 t\u00eate repos\u00e9e et chercher le moindre indice qui servira \u00e0 la manifestation de la v\u00e9rit\u00e9.<\/span><\/p>\n<p style=\"text-align: left;\"><span style=\"color: #000000;\">Mais on ne sera pas, non plus, \u00e9tonn\u00e9 d\u2019apprendre, un matin, que le dossier, avec toutes les \u00e9vidences, a \u00e9t\u00e9 class\u00e9 sans suite ou achemin\u00e9 au cabinet d\u2019instruction. De l\u00e0, on va tirer l\u2019\u00e9chelle. Et, sur trois colonnes, on va titrer : \u00ab Les \u00e9trangers sont lib\u00e9r\u00e9s \u00bb. *<strong><em>Mario Andr\u00e9sol Ex-directeur g\u00e9n\u00e9ral de la Police nationale d\u2019Ha\u00efti (PNH)<\/em><\/strong><\/span><\/p>\n<hr \/>\n<p style=\"text-align: left;\"><span style=\"color: #000000;\">Cet article est publi\u00e9 par l\u2019hebdomadaire Ha\u00efti-Observateur, \u00e9dition du 20 f\u00e9v. 2019 et se trouve en <strong>P. 1, 7<\/strong> \u00e0\u00a0: <a style=\"color: #000000;\" href=\"http:\/\/haiti-observateur.ca\/wp-content\/uploads\/2019\/02\/H-O-20-fev-2019-1.pdf\">http:\/\/haiti-observateur.ca\/wp-content\/uploads\/2019\/02\/H-O-20-fev-2019-1.pdf<\/a>\u00a0<\/span><\/p>\n","protected":false},"excerpt":{"rendered":"<p>Arrestation de 8 Hommes Lourdement Arm\u00e9s : Le Pouvoir est Triplement Coupable par Mario Andr\u00e9sol Avec l\u2019arrestation, dimanche soir, dans des circonstances non encore \u00e9lucid\u00e9es, de sept \u00e9trangers et d\u2019un ha\u00eftien lourdement arm\u00e9 \u00e0 bord de v\u00e9hicules non immatricul\u00e9s, la&#8230; <\/p>\n","protected":false},"author":2,"featured_media":3424,"comment_status":"closed","ping_status":"closed","sticky":false,"template":"","format":"standard","meta":{"footnotes":""},"categories":[10,25,40],"tags":[163,777,991,1173,1495,1621,1623,2048,2408,2432,2572,3055],"class_list":["post-3411","post","type-post","status-publish","format-standard","has-post-thumbnail","hentry","category-chronique","category-haiti","category-politique","tag-amateurisme","tag-coupable","tag-dm","tag-etranger","tag-haiti-observateur","tag-immatriculation","tag-immigration","tag-mario-andresol","tag-palais-national","tag-passeport","tag-police","tag-territoire"],"_links":{"self":[{"href":"https:\/\/haiti-observateur.ca\/index.php?rest_route=\/wp\/v2\/posts\/3411","targetHints":{"allow":["GET"]}}],"collection":[{"href":"https:\/\/haiti-observateur.ca\/index.php?rest_route=\/wp\/v2\/posts"}],"about":[{"href":"https:\/\/haiti-observateur.ca\/index.php?rest_route=\/wp\/v2\/types\/post"}],"author":[{"embeddable":true,"href":"https:\/\/haiti-observateur.ca\/index.php?rest_route=\/wp\/v2\/users\/2"}],"replies":[{"embeddable":true,"href":"https:\/\/haiti-observateur.ca\/index.php?rest_route=%2Fwp%2Fv2%2Fcomments&post=3411"}],"version-history":[{"count":0,"href":"https:\/\/haiti-observateur.ca\/index.php?rest_route=\/wp\/v2\/posts\/3411\/revisions"}],"wp:featuredmedia":[{"embeddable":true,"href":"https:\/\/haiti-observateur.ca\/index.php?rest_route=\/"}],"wp:attachment":[{"href":"https:\/\/haiti-observateur.ca\/index.php?rest_route=%2Fwp%2Fv2%2Fmedia&parent=3411"}],"wp:term":[{"taxonomy":"category","embeddable":true,"href":"https:\/\/haiti-observateur.ca\/index.php?rest_route=%2Fwp%2Fv2%2Fcategories&post=3411"},{"taxonomy":"post_tag","embeddable":true,"href":"https:\/\/haiti-observateur.ca\/index.php?rest_route=%2Fwp%2Fv2%2Ftags&post=3411"}],"curies":[{"name":"wp","href":"https:\/\/api.w.org\/{rel}","templated":true}]}}