{"id":4786,"date":"2020-03-18T10:56:13","date_gmt":"2020-03-18T14:56:13","guid":{"rendered":"http:\/\/haiti-observateur.ca\/?p=4786"},"modified":"2020-03-18T10:56:13","modified_gmt":"2020-03-18T14:56:13","slug":"joseph-jouthe-saura-t-il-trouver-les-moyens-de-sa-politique-par-leo-joseph","status":"publish","type":"post","link":"https:\/\/haiti-observateur.ca\/?p=4786","title":{"rendered":"Joseph Jouthe saura-t-il trouver les moyens de sa politique ? par L\u00e9o Joseph"},"content":{"rendered":"<p style=\"text-align: left;\"><span style=\"color: #000000;\"><strong>Joseph Jouthe saura-t-il trouver les moyens de sa politique ? <\/strong><em>par L\u00e9o Joseph<\/em><\/span><\/p>\n<ul>\n<li style=\"text-align: left;\"><span style=\"color: #000000;\"><strong>LARELANCE DE L\u2019\u00c9CONOMIE, UNE DES TROIS PRIORIT\u00c9S DU NOUVEAU PM DE FACTO<\/strong><\/span><\/li>\n<\/ul>\n<p style=\"text-align: left;\"><span style=\"color: #000000;\">Dans son discours de prestation de serment, Joseph Jouthe, le nouveau Premier ministre de facto, a mis en avant ses priorit\u00e9s : \u00ab (&#8230;) le r\u00e9tablissement du climat s\u00e9curitaire, la r\u00e9duction des in\u00e9galit\u00e9s sociales et la relance de l\u2019\u00e9conomie\u00bb. Dans la mesure o\u00f9 ses pr\u00e9d\u00e9cesseurs, install\u00e9s \u00e0 la primature dans les m\u00eames circonstances que lui, n\u2019ont pas su tirer le pays de l\u2019imbroglio socio-politique, rien n\u2019autorise \u00e0 croire qu\u2019il va r\u00e9ussir l\u00e0 o\u00f9 Jacques Guy Lafontant, Jean-Henry C\u00e9ant et Jean-Michel Lapin ont lamentablement \u00e9chou\u00e9. D\u2019ores et d\u00e9j\u00e0, l\u2019ex-gouverneur de la Banque centrale, l\u2019\u00e9conomiste Fritz Jean, d\u00e9clare l\u2019impossibilit\u00e9 pour M. Jouthe de relever un des d\u00e9fis qu\u2019il s\u2019est donn\u00e9s : la relance de l\u2019\u00e9conomie.<\/span><\/p>\n<p style=\"text-align: left;\"><span style=\"color: #000000;\">En effet, lors d\u2019une intervention \u00e0 Radio Z\u00e9nith, M. Jean a \u00e9mis l\u2019opinion selon laquelle la reprise de l\u2019\u00e9conomie ne serait possible en dehors de facteurs cl\u00e9s, notamment, \u00abune mobilisation fiscale efficiente\u00bb et un renforcement du contr\u00f4le des activit\u00e9s \u00e0 la Douane par o\u00f9 s\u2019\u00e9vaporent entre USD 500 et 600millions $ annuellement; en sus d\u2019une \u00abr\u00e9duction du d\u00e9ficit budg\u00e9taire\u00bb; et l\u2019application d\u2019un \u00abfrein \u00e0 la corruption\u00bb.<\/span><\/p>\n<p style=\"text-align: left;\"><span style=\"color: #000000;\">Fritz Jean a \u00e9voqu\u00e9 aussi la taille du gouvernement comme \u00e9tant un autre obstacle \u00e0 la relance de l\u2019\u00e9conomie. On se souvient que le Premier ministre C\u00e9ant avait, dans le cadre de sa prestation, incit\u00e9 des r\u00e9formes pour r\u00e9duire le train de vie des hauts fonctionnaires de l\u2019\u00c9tat. Mais celles-ci ont \u00e9t\u00e9 abandonn\u00e9es une fois qu\u2019il a \u00e9t\u00e9 \u00e9cart\u00e9 par la Chambre des d\u00e9put\u00e9s. Et son successeur les a oubli\u00e9es comme sa premi\u00e8re casaque. L\u2019ancien gouverneur de la Banque nationale de la R\u00e9publique d\u2019Ha\u00efti pense que le gouvernement \u00abpl\u00e9thore\u00bb de Joseph Jouthe, avec plus de vingt ministres et secr\u00e9taires d\u2019\u00c9tat, est loin d\u2019\u00eatre un mod\u00e8le de rationalisation de l\u2019\u00e9conomie. Connaissant bien la mani\u00e8re dont fonctionne le r\u00e9gime t\u00e8t kale, l\u2019\u00e9conomiste Fritz Jean ne cache pas sa crainte de voir l\u2019\u00e9quipe au pouvoir faire marcher la planche \u00e0 billets pour financer le gigantesque d\u00e9ficit que Jovenel Mo\u00efse a creus\u00e9, principalement en raison de la communaut\u00e9 internationale tenant ind\u00e9finiment la drag\u00e9e haute \u00e0 son gouvernement. Il y a de bonnes raisons de parier que ce d\u00e9ficit, que tra\u00eene le r\u00e9gime PHTK, depuis l\u2019entr\u00e9e en fonction de Jovenel Mo\u00efse, ne sera pas \u00e9pong\u00e9 avec Jouthe, car la volont\u00e9, encore moins la comp\u00e9tence, ne sont pas au rendez-vous. Sans oublier de signaler que les m\u00e9faits multidimensionnels dont se rendent coupables le chef de l\u2019\u00c9tat et ses proches collaborateurs ne garantissent gu\u00e8re un changement d\u2019attitude des pays dits amis d\u2019Ha\u00efti et des institutions de la haute finance internationale \u00e0 l\u2019\u00e9gard de ce gouvernement ha\u00eftien.<\/span><\/p>\n<p style=\"text-align: left;\"><span style=\"color: #000000;\"><strong>Mais qu\u2019en est-il de la guerre contre l\u2019ins\u00e9curit\u00e9 ?<\/strong><\/span><\/p>\n<p style=\"text-align: left;\"><span style=\"color: #000000;\">Si les comp\u00e9tences et les dispositions du nouveau gouvernement dirig\u00e9 par Joseph Jouthe ne sont pas \u00e0 la hauteur des objectifs que s\u2019est fix\u00e9 ce dernier, pour les raisons d\u00e9j\u00e0 \u00e9voqu\u00e9es, la guerre contre l\u2019ins\u00e9curit\u00e9, le premier volet du programme du nouveau Premier ministre de facto, est tout aussi bien irr\u00e9alisable. Car Jovenel Mo\u00efse et ses principaux alli\u00e9s au sein du r\u00e9gime t\u00e8t kale sont bel et bien parties prenantes de l\u2019ins\u00e9curit\u00e9. Une vraie guerre contre l\u2019ins\u00e9curit\u00e9 devant n\u00e9cessairement passer par une offensive en r\u00e8gle contre les acteurs eux-m\u00eames, ce sont les partenaires politiques et en affaire de N\u00e8g Bannann nan qui devraient \u00eatre vis\u00e9s.<\/span><\/p>\n<p style=\"text-align: left;\"><span style=\"color: #000000;\">Quand on sait que des s\u00e9nateurs proches du pr\u00e9sident ha\u00eftien sont impliqu\u00e9s dans des trafics illicites, comme Rony C\u00e9lestin, Herv\u00e9 Fourcand (dont les noms sont li\u00e9s au commerce de drogue), ou Kedler Augustin, accus\u00e9 de participer au crime d\u2019enl\u00e8vement contre ran\u00e7on, on conna\u00eet d\u00e9j\u00e0 quel r\u00e9sultat attendre de la posture de Jouthe face \u00e0 l\u2019ins\u00e9curit\u00e9. Signalons que le s\u00e9nateur Augustin a \u00e9t\u00e9 arr\u00eat\u00e9 dans son v\u00e9hicule par une patrouille polici\u00e8re qui recherchait une voiture dont les descriptions sont identiques aux siennes ayant particip\u00e9 \u00e0 neuf kidnappings. L\u2019arrestation de M. Augustin porte \u00e0 deux, avec Gracia Delva, <strong>le nombre de s\u00e9nateurs li\u00e9s \u00e0 l\u2019enl\u00e8vement contre ran\u00e7on<\/strong>.<\/span><\/p>\n<div id=\"attachment_4770\" style=\"width: 201px\" class=\"wp-caption alignleft\"><img loading=\"lazy\" decoding=\"async\" aria-describedby=\"caption-attachment-4770\" class=\"wp-image-4770 \" src=\"http:\/\/haiti-observateur.ca\/wp-content\/uploads\/2020\/03\/HO18March2020lapin-1-300x190.jpg\" alt=\"\" width=\"191\" height=\"121\" \/><p id=\"caption-attachment-4770\" class=\"wp-caption-text\">Lapin<\/p><\/div>\n<p style=\"text-align: left;\"><span style=\"color: #000000;\">Rappelons qu\u2019en d\u00e9pit de tout le toll\u00e9 d\u00e9clench\u00e9 par les accusations port\u00e9es contre ce dernier, la pr\u00e9sidence lui est rest\u00e9e solidaire, le prot\u00e9geant contre toute vell\u00e9it\u00e9 de poursuite judiciaire. On peut pr\u00e9voir que, en tant qu\u2019alli\u00e9 du pouvoir, Kedler Augustin n\u2019aura pas un traitement diff\u00e9rent de son coll\u00e8gue Delva. Avec une telle attitude, comment le pouvoir t\u00e8t kale dirig\u00e9 par Jovenel Mo\u00efse, \u00e0 la faveur de l\u2019atterrissage de Joseph Jouthe \u00e0 la primature, peut-il d\u00e9clencher la campagne contre l\u2019ins\u00e9curit\u00e9 ? Corrupteur et sp\u00e9cialiste en d\u00e9tournement de fonds comme tous les autres d\u00e9j\u00e0 d\u00e9nonc\u00e9s dans ces genres d\u2019op\u00e9rations, le locataire du Palais national ne laissera pas les coud\u00e9es franches \u00e0 son nouveau Premier ministre de facto pour mettre \u00e0 ex\u00e9cution son programme anti-ins\u00e9curit\u00e9. Par exemple, on est t\u00e9moin de son opposition syst\u00e9matique \u00e0 la campagne en cours visant \u00e0 traduire en justice les ex-Premiers ministres et anciens hauts fonctionnaires \u00e9pingl\u00e9s dans l\u2019affaire des USD 4,2 millions $ du fonds PetroCaribe.<\/span><\/p>\n<p style=\"text-align: left;\"><span style=\"color: #000000;\">Apr\u00e8s avoir fait ses d\u00e9clarations d\u2019entr\u00e9e en fonction promettant une action muscl\u00e9e, en vue de mettre les bandits et criminels hors d\u2019\u00e9tat de nuire, on peut parier que les actions de Joseph Jouthe seront, tout au moins, limit\u00e9es dans ce domaine. \u00c0 titre de r\u00e9f\u00e9rence, quelle attitude projette Jovenel Mo\u00efse apr\u00e8s avoir pris l\u2019engagement solennel, par-devant les Nations Unies, \u00e0 New York, de mener la lutte contre la corruption ?<\/span><\/p>\n<p style=\"text-align: left;\"><span style=\"color: #000000;\"><strong>Face \u00e0 l\u2019opposition de la communaut\u00e9 internationale<\/strong><\/span><\/p>\n<div id=\"attachment_4762\" style=\"width: 237px\" class=\"wp-caption alignleft\"><img loading=\"lazy\" decoding=\"async\" aria-describedby=\"caption-attachment-4762\" class=\"wp-image-4762 \" src=\"http:\/\/haiti-observateur.ca\/wp-content\/uploads\/2020\/03\/HO18March2020ceant-1-300x184.jpg\" alt=\"\" width=\"227\" height=\"139\" \/><p id=\"caption-attachment-4762\" class=\"wp-caption-text\">Jean Henri C\u00e9ant<\/p><\/div>\n<p style=\"text-align: left;\"><span style=\"color: #000000;\">L\u2019\u00e9chec essuy\u00e9 par Jean-Henry C\u00e9ant ou Jean-Michel Lapin ne repr\u00e9sente rien, \u00e0 c\u00f4t\u00e9 de celui qui attend Joseph Jouthe, se trouvant confront\u00e9 \u00e0 l\u2019opposition muscl\u00e9e de la communaut\u00e9 internationale. Nonobstant les d\u00e9clarations de soutien et\/ou de coop\u00e9ration \u00e9mises par l\u2019ambassade am\u00e9ricaine (Mich\u00e8le Sison), le gouvernement Jouthe ne trouvera pas les moyens dont il aura besoin pour traverser le cap difficile qui l\u2019attend.<\/span><\/p>\n<p style=\"text-align: left;\"><span style=\"color: #000000;\">En effet, le principal obstacle auquel se trouve confront\u00e9 le tandem Mo\u00efse\/Jouthe, les ressources financi\u00e8res, jusqu\u2019ici indisponibles, ne seront toujours pas au rendez-vous. Si le notaire C\u00e9ant ou Lapin n\u2019ont pas r\u00e9ussi \u00e0 obtenir du financement aupr\u00e8s des pays amis et des bailleurs de fonds traditionnels, ce n\u2019est pas Joseph Jouthe qui changera la donne. D\u2019autant plus que les principaux partenaires internationaux d\u2019Ha\u00efti ont annonc\u00e9 leur d\u00e9sapprobation du dernier gouvernement form\u00e9 unilat\u00e9ralement par Jovenel Mo\u00efse.<\/span><\/p>\n<p style=\"text-align: left;\"><span style=\"color: #000000;\">Les \u00e9v\u00e9nements qui ont surgi depuis l\u2019investiture de M. Jouthe ne laissent aucun doute \u00e0 ce sujet. En tout cas, pour ceux qui regardent la r\u00e9alit\u00e9 en face. Dans les pr\u00e9sentes conditions, l\u2019homme \u00e0 qui Jovenel Mo\u00efse a fait appel pour piloter le gouvernement n\u2019est pas en odeur de saintet\u00e9 au regard des \u00c9tats consid\u00e9r\u00e9s comme partenaires d\u2019Ha\u00efti. Quand l\u2019ambassadeur de France en Ha\u00efti, Jos\u00e9 Gomez, d\u00e9clare que son gouvernement ne reconna\u00eet pas l\u2019administration Jouthe, il n\u2019\u00e9met pas uniquement la position de son pays. Car, selon des sources fiables et concordantes, les alli\u00e9s \u00e9trangers d\u2019Ha\u00efti font chorus autour de l\u2019id\u00e9e de cr\u00e9ation d\u2019un gouvernement issu de n\u00e9gociations et de consultations avec les divers secteurs politiques du pays. Les lieutenants de Mo\u00efse s\u2019acharnent \u00e0 r\u00e9p\u00e9ter que le choix de Joseph Jouthe r\u00e9sulte des n\u00e9gociations men\u00e9es avec les partis d\u2019opposition. Mais les diplomates \u00e9trangers bas\u00e9s en Ha\u00efti repoussent d\u2019un revers de main cette assertion, d\u00e9clarant qu\u2019en faisant de ce dernier son Premier ministre, Mo\u00efse a pass\u00e9 outre aux recommandations de la communaut\u00e9 internationale. Aussi les repr\u00e9sentants des pays \u00e9trangers semblent-ils dire \u00e0 Jovenel Mo\u00efse : \u00abYou\u2019re on your own\u00bb (\u00abVous \u00eates tout seul\u00bb).<\/span><\/p>\n<p style=\"text-align: left;\"><span style=\"color: #000000;\">On n\u2019a pas l\u2019impression que Joseph Jouthe va faire long feu \u00e0 la primature. Reste \u00e0 savoir si Jovenel Mo\u00efse aura la chance de nommer son successeur. L.J.<\/span><\/p>\n<hr \/>\n<p style=\"text-align: left;\"><span style=\"color: #000000;\">Cet article est publi\u00e9 par l\u2019\u00e9dition de l\u2019hebdomadaire Ha\u00efti-Observateur du 18 mars 2020 VOL. L No. 10, et se trouve en <strong>P. 1, 3<\/strong> \u00e0\u00a0: <a style=\"color: #000000;\" href=\"http:\/\/haiti-observateur.ca\/wp-content\/uploads\/2020\/03\/H-O-18-March-2020-1.pdf\">http:\/\/haiti-observateur.ca\/wp-content\/uploads\/2020\/03\/H-O-18-March-2020-1.pdf<\/a><\/span><\/p>\n","protected":false},"excerpt":{"rendered":"<p>Joseph Jouthe saura-t-il trouver les moyens de sa politique ? par L\u00e9o Joseph LARELANCE DE L\u2019\u00c9CONOMIE, UNE DES TROIS PRIORIT\u00c9S DU NOUVEAU PM DE FACTO Dans son discours de prestation de serment, Joseph Jouthe, le nouveau Premier ministre de facto,&#8230; <\/p>\n","protected":false},"author":2,"featured_media":4768,"comment_status":"closed","ping_status":"closed","sticky":false,"template":"","format":"standard","meta":{"footnotes":""},"categories":[25,31,40],"tags":[587,593,1495,1747,1749,1781,1906,2945],"class_list":["post-4786","post","type-post","status-publish","format-standard","has-post-thumbnail","hentry","category-haiti","category-leo-joseph","category-politique","tag-ceant","tag-celestin","tag-haiti-observateur","tag-jouthe","tag-jovenel","tag-kedler","tag-leo-joseph","tag-sison"],"_links":{"self":[{"href":"https:\/\/haiti-observateur.ca\/index.php?rest_route=\/wp\/v2\/posts\/4786","targetHints":{"allow":["GET"]}}],"collection":[{"href":"https:\/\/haiti-observateur.ca\/index.php?rest_route=\/wp\/v2\/posts"}],"about":[{"href":"https:\/\/haiti-observateur.ca\/index.php?rest_route=\/wp\/v2\/types\/post"}],"author":[{"embeddable":true,"href":"https:\/\/haiti-observateur.ca\/index.php?rest_route=\/wp\/v2\/users\/2"}],"replies":[{"embeddable":true,"href":"https:\/\/haiti-observateur.ca\/index.php?rest_route=%2Fwp%2Fv2%2Fcomments&post=4786"}],"version-history":[{"count":0,"href":"https:\/\/haiti-observateur.ca\/index.php?rest_route=\/wp\/v2\/posts\/4786\/revisions"}],"wp:featuredmedia":[{"embeddable":true,"href":"https:\/\/haiti-observateur.ca\/index.php?rest_route=\/"}],"wp:attachment":[{"href":"https:\/\/haiti-observateur.ca\/index.php?rest_route=%2Fwp%2Fv2%2Fmedia&parent=4786"}],"wp:term":[{"taxonomy":"category","embeddable":true,"href":"https:\/\/haiti-observateur.ca\/index.php?rest_route=%2Fwp%2Fv2%2Fcategories&post=4786"},{"taxonomy":"post_tag","embeddable":true,"href":"https:\/\/haiti-observateur.ca\/index.php?rest_route=%2Fwp%2Fv2%2Ftags&post=4786"}],"curies":[{"name":"wp","href":"https:\/\/api.w.org\/{rel}","templated":true}]}}