{"id":5256,"date":"2020-05-27T15:08:24","date_gmt":"2020-05-27T19:08:24","guid":{"rendered":"http:\/\/haiti-observateur.ca\/?p=5256"},"modified":"2020-05-27T15:08:24","modified_gmt":"2020-05-27T19:08:24","slug":"covid-19-bresil-en-concurrence-globalement-les-etats-unis-traversent-la-barre-des-100-mille-morts","status":"publish","type":"post","link":"https:\/\/haiti-observateur.ca\/?p=5256","title":{"rendered":"COVID-19 : Br\u00e9sil en concurrence globalement; les \u00c9tats-Unis traversent la barre des 100 mille morts"},"content":{"rendered":"<p><span style=\"color: #000000;\"><strong>NOUVELLES BR\u00c8VESL<\/strong> <em>par Pierre Quiroule II<\/em><\/span><\/p>\n<ul>\n<li><span style=\"color: #000000;\"><strong>COVID-19 : Br\u00e9sil en concurrence globalement; les \u00c9tats-Unis traversent la barre des 100 mille morts<\/strong><\/span><\/li>\n<\/ul>\n<p><span style=\"color: #000000;\">L\u2019Am\u00e9rique du sud est le nouvel \u00e9picentre de la <strong>COVID-19<\/strong>, a dit Mike Ryan, secr\u00e9taire ex\u00e9cutif de l\u2019Organisation mondiale de la sant\u00e9 <strong>(OMS)<\/strong>, vendredi dernier, 22 mai, au cours d\u2019une conf\u00e9rence de presse \u00e0 Gen\u00e8ve, Suisse, si\u00e8ge social de l\u2019organisation mondiale, pointant \u00e0 la fois le Br\u00e9sil comme le nouveau foyer \u00e0 redouter.<\/span><\/p>\n<p><span style=\"color: #000000;\">En effet, le lundi 25 mai, le g\u00e9ant sud-am\u00e9ricain a d\u00e9tr\u00f4n\u00e9 les \u00c9tats-Unis, annon\u00e7ant, ce jour-l\u00e0, que sur une p\u00e9riode de 24 heures, 807 d\u00e9c\u00e8s, dus \u00e0 la COVID-19, ont \u00e9t\u00e9 enregistr\u00e9s, alors que pour la m\u00eame p\u00e9riode, on comptait 620 mortalit\u00e9s aux E.U., pays en t\u00eate de liste globalement pour ce qui s\u2019agit de cas positifs et de d\u00e9c\u00e8s attribu\u00e9s au virus mortel. On notera qu\u2019au mardi, hier 26 mai, le nombre de gens test\u00e9s positifs au Coronavirus, au Br\u00e9sil, \u00e9tait de 374 898 et les d\u00e9c\u00e8s se chiffraient \u00e0 23\u00a0473.<\/span><\/p>\n<p><span style=\"color: #000000;\">Entre-temps, aux \u00c9tats-Unis, on aura fait histoire, en lisant ces lignes, car le pays aura, assur\u00e9ment, travers\u00e9 la barre des 100 000 morts. Car, selon les statistiques de l\u2019OMS, hier, mardi, 26 mai, concernant les E.U., l\u2019organisme mondial donnait 99 886 d\u00e9c\u00e8s pour un total de plus d\u2019un million et demi, soit exactement 1 707 603 cas positifs sur une population de 330 820\u00a0732.<\/span><\/p>\n<p><span style=\"color: #000000;\">Revenant aux chiffres pour le Br\u00e9sil, il ne fait pas de doute que le g\u00e9ant sud-am\u00e9ricain, dont la population est de 213, 863 000, entre en comp\u00e9tition avec les grands pays d\u2019Europe, d\u00e9passant la Russie, 145 928 315 habitants, en troisi\u00e8me position maintenant, en terme de nombre de cas positifs de la COVID-19, soit 362 342, bien que le nombre de d\u00e9c\u00e8s se chiffrent seulement \u00e0 3 807, refl\u00e9tant le d\u00e9ferlement un peu en retard du virus mortel en Russie.<\/span><\/p>\n<p><span style=\"color: #000000;\">Quant au nombre de d\u00e9c\u00e8s enregistr\u00e9s en Europe, l\u2019Angleterre occupe le premier rang parmi les pays du vieux continent, soit 37 049, suivi de l\u2019Italie, 32 955, et de l\u2019Espagne, 27 117. Ce qui indique que le Br\u00e9sil tra\u00eene toujours en termes de d\u00e9c\u00e8s, refl\u00e9tant, comme en Russie, l\u2019atterrissage en retard de COVID-19 dans les pays du c\u00f4ne sud-am\u00e9ricain.<\/span><\/p>\n<p><span style=\"color: #000000;\">Pour ce qui s\u2019agit du nombre de cas positifs dans les trois pays europ\u00e9ens mentionn\u00e9s ci-dessus, outre la Russie, l\u2019Espagne occupe le premier rang avec 283 339 cas, l\u2019Angleterre, 265 227 et l\u2019Italie, 230 555. Continuant le sch\u00e9ma utilis\u00e9 d\u00e8s le d\u00e9but de nos reportages sur la COVID-19, il faut mentionner l\u2019Allemagne o\u00f9 le nombre de cas positifs est \u00e0 181 288 et 8 498 d\u00e9c\u00e8s; et la France, en dernier lieu, avec 145 555 cas positifs, mais enregistrant un nombre \u00e9lev\u00e9 de d\u00e9c\u00e8s, soit 28 530. On soulignera que l\u2019Allemagne et la France ont enregistr\u00e9 le plus grand nombre de malades \u00e0 recouvrer leur sant\u00e9, soit 163 681 et 65 879 respectivement.<\/span><\/p>\n<div id=\"attachment_5208\" style=\"width: 243px\" class=\"wp-caption alignleft\"><img loading=\"lazy\" decoding=\"async\" aria-describedby=\"caption-attachment-5208\" class=\"wp-image-5208\" src=\"http:\/\/haiti-observateur.ca\/wp-content\/uploads\/2020\/05\/ho27mai2020Bolsonaro-1-300x198.jpg\" alt=\"\" width=\"233\" height=\"154\" \/><p id=\"caption-attachment-5208\" class=\"wp-caption-text\">Jair Bolsonaro<\/p><\/div>\n<p><span style=\"color: #000000;\">Quant au Br\u00e9sil, la nouvelle vedette dans la maudite ar\u00e8ne de la COVID-19, l\u2019administration Trump a vite fait de mettre cet alli\u00e9 \u00e0 l\u2019index, interdisant, d\u00e8s le mardi 26 mai, l\u2019entr\u00e9e aux \u00c9tats-Unis de ressortissants br\u00e9siliens, jusqu\u2019\u00e0 nouvel ordre. Toutefois, les \u00e9changes commerciaux ne seront pas affect\u00e9s. Vraiment, la COVID-19 change tout dans les relations. Le 7 mars dernier, le pr\u00e9sident br\u00e9silien, Jair Bolsonaro, se trouvait en t\u00eate-\u00e0-t\u00eate, \u00e0 Mar-a-Largo, en Floride, avec le pr\u00e9sident Donald Trump, qui le consid\u00e8re un alli\u00e9 id\u00e9ologique.<\/span><\/p>\n<p><span style=\"color: #000000;\">D\u2019ailleurs, c\u2019est suite \u00e0 ce voyage que le secr\u00e9taire de presse du pr\u00e9sident br\u00e9silien, Fabio Wajngarten, a \u00e9t\u00e9 diagnostiqu\u00e9 positif du coronavirus. Ce qui avait port\u00e9 des officiels de Miami \u00e0 se mettre en quarantaine pour 14 jours, parce qu\u2019ayant c\u00f4toy\u00e9 le Br\u00e9silien lors de son passage dans la m\u00e9tropole floridienne. Ce n\u2019est pas le pr\u00e9sident Trump qui se laissera intimider pour se mettre aussi en quarantaine et suivre les protocoles \u00e9tablis pour se pr\u00e9munir contre l\u2019infection de la <strong>COVID-19.<\/strong><\/span><\/p>\n<p><span style=\"color: #000000;\">Au contraire, il s\u2019est moqu\u00e9 de son rival, le candidat d\u00e9mocrate \u00e0 la pr\u00e9sidence, Joseph \u00abJoe\u00bb Biden, en <em>\u00abretweetant\u00bb<\/em> un tweet de la cha\u00eene Fox avec la photo de ce dernier, masqu\u00e9, lui et son \u00e9pouse Jill, Lundi. C\u2019\u00e9tait la premi\u00e8re fois qu\u2019on l\u2019a vu s\u2019aventurer au dehors depuis tant\u00f4t deux mois, allant d\u00e9poser une gerbe de fleurs au \u00abPont Memorial de Wilmington\u00bb en ce jour, dit \u00abMemorial Day\u00bb, en m\u00e9moire et \u00e0 l\u2019honneur des v\u00e9t\u00e9rans morts et vivants.<\/span><\/p>\n<p><span style=\"color: #000000;\">R\u00e9torquant, hier, mardi 26 mai, M. Biden devait dire : <em>\u00abLe pr\u00e9sident est un imb\u00e9cile, un parfait imb\u00e9cile ! \u00bb<\/em> Dire que le Centers for Disease Control and Prevention (CDC), agence gouvernementale charg\u00e9e de la surveillance de la sant\u00e9 des citoyens, insiste que le port du masque est n\u00e9cessaire comme pour combattre la propagation du coronavirus. Et la doctoresse Deborah Birx, membre de la commission pr\u00e9sidentielle de gestion de la pand\u00e9mie, s\u2019est prononc\u00e9e, encore dimanche dernier, 24 mai, lors d\u2019une entrevue sur la cha\u00eene ABC, au programme de George Stephanopoulos, disant que le port du masque et la distanciation sont obligatoires pour la protection de la population.<\/span><\/p>\n<p><span style=\"color: #000000;\">Revenons au Br\u00e9sil pour clore ce r\u00e9cit. On se demande qu\u2019elle est la nouvelle attitude de Jair Bolsonaro quant \u00e0 la situation dont fait face le Br\u00e9sil. Ne disait-il pas que la COVID-19 n\u2019 \u00e9tait qu\u2019un \u00absimple cas d\u2019influenza\u00bb et n\u2019exigeait-il pas que le commerce op\u00e8re sans rel\u00e2che ? D\u2019ailleurs, suite \u00e0 une dispute l\u2019opposant \u00e0 son ministre de la Sant\u00e9, le tr\u00e8s populaire Luiz Henrique Mandetta, concernant les mesures \u00e0 prendre, dont la distanciation, pour prot\u00e9ger la nation, ne l\u2019avait-il pas r\u00e9voqu\u00e9 le 16 avril dernier ? Histoire \u00e0 suivre.<\/span><\/p>\n<p><span style=\"color: #000000;\"><strong>*La situation s\u2019am\u00e9liorant aux \u00c9tats-Unis, le week-end dernier on a vu des foules sur des plages, le pr\u00e9sident Trump jouant au golfe, mais les \u00e9glises sont demeur\u00e9es presque vides.<\/strong> Comment interpr\u00e9ter la r\u00e9action de diff\u00e9rents secteurs quant au d\u00e9sir du chef d\u2019\u00c9tat am\u00e9ricain qui voudrait voir la reprise des activit\u00e9s sur toute la ligne pour permettre \u00e0 l\u2019\u00e9conomie de reprendre son essor ?<\/span><\/p>\n<p><span style=\"color: #000000;\">En effet, samedi dernier, 23 mai, le pr\u00e9sident Trump, en tenue de sportsman, a laiss\u00e9 la Maison-Blanche pour se rendre en Virginie, non loin de Washington, o\u00f9 on le photographiait au \u00abTrump National Golf Club\u00bb jouant \u00e0 son sport favori. C\u2019\u00e9tait pr\u00eacher d\u2019exemple, comme pour dire \u00e0 ses concitoyens : <em>\u00abTout est redevenu normal, sortez, amusez-vous ! \u00bb<\/em><\/span><\/p>\n<p><span style=\"color: #000000;\">En effet, on a vu nombre de gens s\u2019aventurer sur des plages, surtout en Floride et en Californie, m\u00eame dans l\u2019\u00e9tat de New York, mais pas sur des plages de la ville. Dans des parcs, ici et l\u00e0, des jeunes jouaient au ballon. Bien que des \u00e9glises aient ouvert leurs portes, la plupart d\u2019entre elles sont rest\u00e9es ferm\u00e9es, et il n\u2019y avait pas d\u2019attroupements dans les lieux saints. Dire que le pr\u00e9sident Trump avait demand\u00e9, depuis le vendredi, 22 mai, que toutes les \u00e9glises soient ouvertes, car <em>\u00abl\u2019Am\u00e9rique a besoin de pri\u00e8re\u00bb.<\/em><\/span><\/p>\n<p><span style=\"color: #000000;\">Comme si le principe \u00e9nonc\u00e9 par Martin Luther, au 16<sup>e<\/sup> si\u00e8cle \u2015 <strong><em>\u00abLa pr\u00eatrise de tous les croyants\u00bb<\/em><\/strong> \u2015 ne tient pas toujours ! Oui, nous n\u2019avons pas besoin de pasteur ou de pr\u00eatre pour prier pour nous. Nous pouvons nous adresser au Tout Puissant de n\u2019importe quel endroit. Ainsi, m\u00eame si les \u00e9glises restent ferm\u00e9es, nous continuerons \u00e0 prier, n\u2019en d\u00e9plaise \u00e0 ceux qui voudraient, sous pr\u00e9texte de leur loyaut\u00e9 au Tr\u00e8s-Haut, exposer les gens au danger d\u2019infection \u00e0 la COVID-19 \u00e0 leurs fins \u00e9conomiques.<\/span><\/p>\n<div id=\"attachment_5223\" style=\"width: 207px\" class=\"wp-caption alignleft\"><img loading=\"lazy\" decoding=\"async\" aria-describedby=\"caption-attachment-5223\" class=\"wp-image-5223 \" src=\"http:\/\/haiti-observateur.ca\/wp-content\/uploads\/2020\/05\/ho27mai2020mikeryan-1-300x209.jpg\" alt=\"\" width=\"197\" height=\"137\" \/><p id=\"caption-attachment-5223\" class=\"wp-caption-text\">Mike Ryan<\/p><\/div>\n<p><span style=\"color: #000000;\"><strong>*En toute derni\u00e8re heure, on a appris, hier soir, mardi 26 mai, que le directeur g\u00e9n\u00e9ral de la Police Nationale (PNH), Normil Rameau, et son chef de cabinet Frantz S\u00e9bastien Jean-Charles, seraient test\u00e9s positifs \u00e0 la COVID-19.<\/strong> La nouvelle a \u00e9t\u00e9 \u00e9mise par Vision 2000, \u00e0 Port-au-Prince, qui a ajout\u00e9 que les deux seraient en isolement pour le moment. H-O n\u2019a pas pu confirmer l\u2019information directement, mais Vision 2000 est r\u00e9put\u00e9e une source digne de foi.<\/span><\/p>\n<p><span style=\"color: #000000;\"><strong>*Outre la situation \u00e0 la prison, dit \u00abSouth Bay Correctional Facility\u00bb, \u00e0 Palm Beach County, en Floride, une situation similaire est \u00e0 signaler au \u00abStewart Detention Center\u00bb, en Georgie. Dans la section HAPPENINGS<\/strong>, en anglais, mention est fait d\u2019une situation catastrophique au centre carc\u00e9ral se trouvant dans le m\u00eame comt\u00e9 o\u00f9 est situ\u00e9e Mar-a-Lago, la r\u00e9sidence princi\u00e8re du pr\u00e9sident Trump. Tr\u00e8s tard, hier soir, une source ayant des contacts au \u00abStewart Detention Center\u00bb, \u00e0 Lumpkin, en Georgie, nous a alert\u00e9 sur une situation similaire \u00e0 celle \u00e9voluant \u00e0 la prison de Floride. Les prisonniers sont aux abois, parce que plusieurs des cuisiniers pr\u00e9pos\u00e9s \u00e0 la pr\u00e9paration des mets des prisonniers sont tomb\u00e9s malades de la COVID-19 et ne sont plus sur place, cr\u00e9ant une situation intenable. Il faut s\u2019attendre \u00e0 une \u00e9meute de la faim, si rien n\u2019est fait dans les plus brefs d\u00e9lais.<\/span><\/p>\n<p><span style=\"color: #000000;\"><strong>*Deux cas de discrimination raciale \u00e0 signaler, l\u2019un causant la mort \u00e0 un Noir \u00e0 Milwaukee.<\/strong> C\u2019est dans cette ville, de l\u2019\u00e9tat de Minnesota, dans le Midwest am\u00e9 ricain, que l\u2019on a vu \u00e0 la t\u00e9l\u00e9vision, mardi soir, 26 mai, la vid\u00e9o d\u00e9montrant la m\u00e9chancet\u00e9 des policiers. Des quatre policiers qui ont proc\u00e9d\u00e9 \u00e0 l\u2019arrestation d\u2019un Noir, l\u2019un d\u2019entre eux coin\u00e7ait le jeune homme avec son genou sur son cou, bien qu\u2019il soit menott\u00e9. On entendait la victime g\u00e9mir, disant \u00ab<em>I can\u2019t breathe<\/em>\u00bb (Je me peux pas respirer). Apr\u00e8s dix minutes, ce fut un silence assourdissant.<\/span><\/p>\n<p><span style=\"color: #000000;\">Dire que des gens demandaient aux policiers de prendre son pouls tout au long du supplice pour savoir son \u00e9tat. Rien n\u2019y fit. Comme tous les policiers \u00e9taient munis de cam\u00e9ra de travail obligatoire, toute la sc\u00e8ne est enregistr\u00e9e. Les autorit\u00e9s polici\u00e8res sup\u00e9rieures ont vite licenci\u00e9 les quatre policiers, car une manifestation spontan\u00e9e faisait trembler la ville. Une enqu\u00eate f\u00e9d\u00e9rale est d\u00e9j\u00e0 ouverte \u00e0 ce sujet.<\/span><\/p>\n<p><span style=\"color: #000000;\">Ceci nous rappelle le cas d\u2019\u00c9ric Garner qui, le 17 juillet 2014, subit le m\u00eame traitement \u00e0 Staten Island, une commune de la ville de New York. Il hurlait aussi: \u00ab<em>I can\u2019t breathe<\/em>\u00bb, mais le policier Daniel Pantaleo continuait \u00e0 l\u2019\u00e9touffer de son poids. Il n\u2019y a pas eu d\u2019inculpation, ma\u00efs le 19 ao\u00fbt 2019, Pantaleo a \u00e9t\u00e9 r\u00e9voqu\u00e9. Dans une entente hors tribunal, la famille d\u2019Eric Garner aurait re\u00e7u USD 5.9 millions $ en compensation<\/span><\/p>\n<p><span style=\"color: #000000;\"><strong><img loading=\"lazy\" decoding=\"async\" class=\" wp-image-5186 alignleft\" src=\"http:\/\/haiti-observateur.ca\/wp-content\/uploads\/2020\/05\/ho20mai2020trump-1-300x169.jpg\" alt=\"\" width=\"208\" height=\"117\" \/>\u00a0<\/strong><strong>*Quid de cette dame, au Central Park de la ville de New York, ayant compos\u00e9 le 911, alerte urgente, contre un Noir qui la mena\u00e7ait, disait-elle<\/strong>. Encore cela a fait le tour de la R\u00e9publique \u00e9toil\u00e9e hier, mardi 26 mai, quand on l\u2019a vu \u00e0 la t\u00e9l\u00e9vision, son portable en main, et son chien auquel elle a, enfin, pass\u00e9 le collier. Dans sa complainte au 911, elle a effectivement dit que le Noir la mena\u00e7ait. Pourtant, il n\u2019avait fait que lui demander de restreindre son chien en lui attachant le collier obligatoire quand on se balade dans le parc.<\/span><\/p>\n<p><span style=\"color: #000000;\">En effet, Christian Cooper, qui visionnait des oiseaux dans son appareil longue-vue, a demand\u00e9 \u00e0 la dame, une Blanche, de restreindre son chien. Elle a r\u00e9pondu, \u00abJe vais vous rapporter aussit\u00f4t\u00bb. De fait, elle a compos\u00e9 le 911, tandis que M. Cooper l\u2019enregistrait de son t\u00e9l\u00e9phone. La fin de l\u2019histoire ? La dame \u2015 tenez-vous bien \u2014Amy Cooper, a \u00e9t\u00e9 remerci\u00e9e de ses patrons. Et Christian Cooper, aucune relation familiale, de dire qu\u2019il \u00ab regrette une telle punition \u00bb pour l\u2019incident. Tandis que Amy Cooper a pr\u00e9sent\u00e9 des excuses, disant qu\u2019elle n\u2019est pas raciste. Trop tard !<\/span><\/p>\n<p><span style=\"color: #000000;\">On reviendra sur cette question et bien d\u2019autres pour d\u00e9montrer qu\u2019\u00e0 l\u2019\u00e8re trumpienne, le racisme fait une mont\u00e9e inqui\u00e9tante aux \u00c9tats-Unis. Pierre Quiroule II, 27 mai 2020<\/span><\/p>\n<hr \/>\n<p><span style=\"color: #000000;\">cet article est publi\u00e9 par l&rsquo;hebdomadaire Ha\u00efti-Observateur, <strong>VOL. L No.20<\/strong>\u00a0<em>New York<\/em>, \u00e9dition du 27 mai 2020 et se trouve en <strong>P.16, 2<\/strong> \u00e0 :\u00a0<a style=\"color: #000000;\" href=\"http:\/\/haiti-observateur.ca\/wp-content\/uploads\/2020\/05\/H-O-27-mai-2020-1.pdf\">http:\/\/haiti-observateur.ca\/wp-content\/uploads\/2020\/05\/H-O-27-mai-2020-1.pdf<\/a><\/span><\/p>\n","protected":false},"excerpt":{"rendered":"<p>NOUVELLES BR\u00c8VESL par Pierre Quiroule II COVID-19 : Br\u00e9sil en concurrence globalement; les \u00c9tats-Unis traversent la barre des 100 mille morts L\u2019Am\u00e9rique du sud est le nouvel \u00e9picentre de la COVID-19, a dit Mike Ryan, secr\u00e9taire ex\u00e9cutif de l\u2019Organisation mondiale&#8230; <\/p>\n","protected":false},"author":2,"featured_media":5207,"comment_status":"closed","ping_status":"closed","sticky":false,"template":"","format":"standard","meta":{"footnotes":""},"categories":[39,49,53],"tags":[188,386,457,598,1677,2367,2412,2694],"class_list":["post-5256","post","type-post","status-publish","format-standard","has-post-thumbnail","hentry","category-pierquiroule","category-societe","category-usa","tag-amy-cooper","tag-biden","tag-bresil","tag-central-parkr","tag-jai-bolsonaro","tag-oms","tag-pantaleo","tag-rameau"],"_links":{"self":[{"href":"https:\/\/haiti-observateur.ca\/index.php?rest_route=\/wp\/v2\/posts\/5256","targetHints":{"allow":["GET"]}}],"collection":[{"href":"https:\/\/haiti-observateur.ca\/index.php?rest_route=\/wp\/v2\/posts"}],"about":[{"href":"https:\/\/haiti-observateur.ca\/index.php?rest_route=\/wp\/v2\/types\/post"}],"author":[{"embeddable":true,"href":"https:\/\/haiti-observateur.ca\/index.php?rest_route=\/wp\/v2\/users\/2"}],"replies":[{"embeddable":true,"href":"https:\/\/haiti-observateur.ca\/index.php?rest_route=%2Fwp%2Fv2%2Fcomments&post=5256"}],"version-history":[{"count":0,"href":"https:\/\/haiti-observateur.ca\/index.php?rest_route=\/wp\/v2\/posts\/5256\/revisions"}],"wp:featuredmedia":[{"embeddable":true,"href":"https:\/\/haiti-observateur.ca\/index.php?rest_route=\/"}],"wp:attachment":[{"href":"https:\/\/haiti-observateur.ca\/index.php?rest_route=%2Fwp%2Fv2%2Fmedia&parent=5256"}],"wp:term":[{"taxonomy":"category","embeddable":true,"href":"https:\/\/haiti-observateur.ca\/index.php?rest_route=%2Fwp%2Fv2%2Fcategories&post=5256"},{"taxonomy":"post_tag","embeddable":true,"href":"https:\/\/haiti-observateur.ca\/index.php?rest_route=%2Fwp%2Fv2%2Ftags&post=5256"}],"curies":[{"name":"wp","href":"https:\/\/api.w.org\/{rel}","templated":true}]}}